{"id":2101,"date":"2025-09-24T09:29:22","date_gmt":"2025-09-24T07:29:22","guid":{"rendered":"https:\/\/twistedtales.tv\/co-creation-workshops-2\/"},"modified":"2026-02-09T15:37:22","modified_gmt":"2026-02-09T14:37:22","slug":"talleres-de-cocreacion","status":"publish","type":"post","link":"https:\/\/twistedtales.tv\/es\/talleres-de-cocreacion\/","title":{"rendered":"Talleres de cocreaci\u00f3n"},"content":{"rendered":"\t<div class=\"lg:grid lg:grid-cols-6 lg:gap-6.25 pb-10.5\">\r\n\t\t<div class=\"lg:col-span-4 lg:col-start-2\">\r\n\t\t\t<h1>Talleres de cocreaci\u00f3n<\/h1>\n<p>Talleres en los que los ni\u00f1os se convierten en coautores de los cuentos. Mediante el dibujo, la narraci\u00f3n y el sonido aprenden a empatizar, a expresarse y a colaborar.<\/p>\n\t\t<\/div>\r\n\t<\/div>\r\n\n\n\t<figure class=\"lg:grid lg:grid-cols-6 lg:gap-6.25 pb-10.5 md:pb-15.75\">\r\n\t\t<div class=\"lg:col-span-4\">\r\n\t\t\t\t\t\t\t\r\n\t\t\t\t<img decoding=\"async\" src=\"https:\/\/twistedtales.tv\/wp-content\/uploads\/2025\/07\/Foto-Sara-Kecman-75.jpg\" alt=\"\" class=\"lazyload w-full rounded-xl opacity-[0.88]\" loading=\"lazy\">\r\n\t\t\t\t\t<\/div>\r\n\t\t<figcaption class=\"lg:col-span-1 lg:order-first flex flex-col pt-2.5 lg:pt-0 font-semibold text-[16px]\/[1.25]\">\r\n\t\t\t\t\t\t\r\n\t\t\t\tTaller de cocreaci\u00f3n.<br \/>\r\nFoto: Sara Kecman<br \/>\r\n\u2192\t\t\t\t\t<\/figcaption>\r\n\t<\/figure>\r\n\n\n\t<div class=\"lg:grid lg:grid-cols-6 lg:gap-6.25 pb-10.5\">\r\n\t\t<div class=\"lg:col-span-4 lg:col-start-2\">\r\n\t\t\t<p><strong>FORMATO<br \/>\n<\/strong><span style=\"font-weight: 400;\">Peque\u00f1os grupos en aulas, centros culturales o espacios comunitarios.<\/span><\/p>\n<p><strong>RESULTADOS DE APRENDIZAJE CLAVES<\/strong><br \/>\n<strong>\u2192 <span style=\"font-weight: 400;\">Creatividad y narraci\u00f3n<\/span><\/strong><br \/>\n<strong>\u2192 <span style=\"font-weight: 400;\">Colaboraci\u00f3n y trabajo en equipo<\/span><\/strong><br \/>\n<strong>\u2192 <span style=\"font-weight: 400;\">Confianza al expresar ideas propias<\/span><\/strong><\/p>\n<p><strong>CONSEJOS PARA EDUCADORES Y FAMILIAS<\/strong><br \/>\n<strong>\u2192<\/strong> <span style=\"font-weight: 400;\">Animad a los ni\u00f1os a participar con libertad. A la hora de narrar historias, no existen las respuestas incorrectas.<\/span><br \/>\n<strong>\u2192<\/strong> <span style=\"font-weight: 400;\">Hazles preguntas abiertas sobre personajes, emociones y decisiones.<\/span><br \/>\n<strong>\u2192<\/strong> <span style=\"font-weight: 400;\">Apoya las expresiones creativas a trav\u00e9s del dibujo, el sonido o interpretando papeles.<\/span><br \/>\n<strong>\u2192<\/strong> <span style=\"font-weight: 400;\">Celebra sus esfuerzos y su imaginaci\u00f3n, no solo los resultados finales.<br \/>\n<strong>\u2192<\/strong> Utiliza como trampol\u00edn los cuentos para hablar de empat\u00eda, identidad y resiliencia.<br \/>\n<\/span><\/p>\n<p><span style=\"font-weight: 400;\"><strong>INFORMACI\u00d3N PR\u00c1CTICA<\/strong><br \/>\n<\/span><span style=\"font-weight: 400;\">Edad recomendada: 7-10 a\u00f1os<br \/>\n<\/span><span style=\"font-weight: 400;\">Duraci\u00f3n: cuatro sesiones en formato de taller. Cada sesi\u00f3n dura unos 45-60 minutos (se puede adaptar)<\/span><\/p>\n<p><span style=\"font-weight: 400;\"><strong>RECURSOS<\/strong><br \/>\n<\/span><span style=\"font-weight: 400;\">Nosotros nos encargamos de todo para traerte los cuentos recontados a tu aula, casa o espacio comunitario.<\/span><\/p>\n<p style=\"padding-left: 40px;\"><u><a href=\"https:\/\/twistedtales.tv\/wp-content\/uploads\/2025\/09\/TT_-Twisted-Tales_EduToolkit_proofread-ANG.pdf\" target=\"_blank\" rel=\"noopener\"><strong>Obtenga el kit de herramientas educativas \u2192<\/strong><\/a><\/u><\/p>\n<p><span style=\"font-weight: 400;\"><strong>CONTRATOS Y CONTACTO<\/strong><br \/>\n<\/span><span style=\"font-weight: 400;\">Contrata un taller o sesi\u00f3n en el aula, centro cultural o grupo comunitario.<\/span><\/p>\n<p style=\"padding-left: 40px;\"><u><a href=\"mailto:twisted@transmedia-design.me\"><strong>\u00a1Trae nuestros cuentos recontados a tu local! Consigue la caja de herramientas educativas \u2192<\/strong><\/a><\/u><\/p>\n<p><span style=\"font-weight: 400;\">\u00bfYa has probado nuestras actividades? \u00a1Cu\u00e9ntanos c\u00f3mo te fue y sirve de inspiraci\u00f3n a futuros cocreadores!<\/span><\/p>\n<p style=\"padding-left: 40px;\"><u><a href=\"mailto:twisted@transmedia-design.me\"><strong>\u00a1Comparte tus comentarios! Nos encantar\u00eda hablar contigo \u2192<\/strong><\/a><\/u><\/p>\n\t\t<\/div>\r\n\t<\/div>\r\n\n\n\t\n\t<div class=\"container\">\n\t\t<div class=\"lighbox-gallery grid gap-x-6.25 gap-y-6.5 border-t-2 py-9.25 mb-13.25 md:border-t-[3px] md:grid-cols-3\">\n\t\t\t\t\t\t\t\t\t\t\t\n\t\t\t\t\t\t\t\t\t\t<a href=\"https:\/\/twistedtales.tv\/wp-content\/uploads\/2025\/07\/Foto-Sara-Kecman-55.jpg\" class=\"aspect-[394\/203] lightbox-item flex\">\n\t\t\t\t\t\t<img decoding=\"async\" src=\"https:\/\/twistedtales.tv\/wp-content\/uploads\/2025\/07\/Foto-Sara-Kecman-55.jpg\" alt=\"\" loading=\"lazy\" class=\"lazyload w-full h-full grow block rounded-lg object-cover\">\n\t\t\t\t\t<\/a>\n\t\t\t\t\t\t\t\t\t\t\t\t\t\t\t\n\t\t\t\t\t\t\t\t\t\t<a href=\"https:\/\/twistedtales.tv\/wp-content\/uploads\/2025\/07\/Foto-Sara-Kecman-56.jpg\" class=\"aspect-[394\/203] lightbox-item flex\">\n\t\t\t\t\t\t<img decoding=\"async\" src=\"https:\/\/twistedtales.tv\/wp-content\/uploads\/2025\/07\/Foto-Sara-Kecman-56.jpg\" alt=\"\" loading=\"lazy\" class=\"lazyload w-full h-full grow block rounded-lg object-cover\">\n\t\t\t\t\t<\/a>\n\t\t\t\t\t\t\t\t\t\t\t\t\t\t\t\n\t\t\t\t\t\t\t\t\t\t<a href=\"https:\/\/twistedtales.tv\/wp-content\/uploads\/2025\/07\/Foto-Sara-Kecman-58.jpg\" class=\"aspect-[394\/203] lightbox-item flex\">\n\t\t\t\t\t\t<img decoding=\"async\" src=\"https:\/\/twistedtales.tv\/wp-content\/uploads\/2025\/07\/Foto-Sara-Kecman-58.jpg\" alt=\"\" loading=\"lazy\" class=\"lazyload w-full h-full grow block rounded-lg object-cover\">\n\t\t\t\t\t<\/a>\n\t\t\t\t\t\t\t\t\t\t\t\t\t\t\t\n\t\t\t\t\t\t\t\t\t\t<a href=\"https:\/\/twistedtales.tv\/wp-content\/uploads\/2025\/07\/Foto-Sara-Kecman-84.jpg\" class=\"aspect-[394\/203] lightbox-item flex\">\n\t\t\t\t\t\t<img decoding=\"async\" src=\"https:\/\/twistedtales.tv\/wp-content\/uploads\/2025\/07\/Foto-Sara-Kecman-84.jpg\" alt=\"\" loading=\"lazy\" class=\"lazyload w-full h-full grow block rounded-lg object-cover\">\n\t\t\t\t\t<\/a>\n\t\t\t\t\t\t\t\t\t\t\t\t\t\t\t\n\t\t\t\t\t\t\t\t\t\t<a href=\"https:\/\/twistedtales.tv\/wp-content\/uploads\/2025\/07\/Foto-Sara-Kecman-66.jpg\" class=\"aspect-[394\/203] lightbox-item flex\">\n\t\t\t\t\t\t<img decoding=\"async\" src=\"https:\/\/twistedtales.tv\/wp-content\/uploads\/2025\/07\/Foto-Sara-Kecman-66.jpg\" alt=\"\" loading=\"lazy\" class=\"lazyload w-full h-full grow block rounded-lg object-cover\">\n\t\t\t\t\t<\/a>\n\t\t\t\t\t\t\t\t\t\t\t\t\t\t\t\n\t\t\t\t\t\t\t\t\t\t<a href=\"https:\/\/twistedtales.tv\/wp-content\/uploads\/2025\/07\/Foto-Sara-Kecman-68.jpg\" class=\"aspect-[394\/203] lightbox-item flex\">\n\t\t\t\t\t\t<img decoding=\"async\" src=\"https:\/\/twistedtales.tv\/wp-content\/uploads\/2025\/07\/Foto-Sara-Kecman-68.jpg\" alt=\"\" loading=\"lazy\" class=\"lazyload w-full h-full grow block rounded-lg object-cover\">\n\t\t\t\t\t<\/a>\n\t\t\t\t\t\t\t\t\t<\/div>\n\t<\/div>\n\n\n\t<div class=\"lg:grid lg:grid-cols-6 lg:gap-6.25\">\r\n\t\t<figure class=\"lg:col-span-4 lg:col-start-2\">\r\n\t\t\t\t\t\t\t\r\n\t\t\t\t<img decoding=\"async\" src=\"https:\/\/twistedtales.tv\/wp-content\/uploads\/2025\/07\/img-content-section-003.svg\" alt=\"\" class=\"lazyload w-full block\" loading=\"lazy\">\r\n\t\t\t\t\t\t\t\t\t\r\n\t\t<\/figure>\r\n\t<\/div>\r\n","protected":false},"excerpt":{"rendered":"<p>Talleres en los que los ni\u00f1os se convierten en coautores de los cuentos. Mediante el dibujo, la narraci\u00f3n y el sonido aprenden a empatizar, a expresarse y a colaborar.<\/p>\n","protected":false},"author":2,"featured_media":2102,"comment_status":"open","ping_status":"open","sticky":false,"template":"","format":"standard","meta":{"_acf_changed":false,"footnotes":""},"categories":[79],"tags":[],"class_list":["post-2101","post","type-post","status-publish","format-standard","has-post-thumbnail","hentry","category-educacion"],"acf":[],"_links":{"self":[{"href":"https:\/\/twistedtales.tv\/es\/wp-json\/wp\/v2\/posts\/2101","targetHints":{"allow":["GET"]}}],"collection":[{"href":"https:\/\/twistedtales.tv\/es\/wp-json\/wp\/v2\/posts"}],"about":[{"href":"https:\/\/twistedtales.tv\/es\/wp-json\/wp\/v2\/types\/post"}],"author":[{"embeddable":true,"href":"https:\/\/twistedtales.tv\/es\/wp-json\/wp\/v2\/users\/2"}],"replies":[{"embeddable":true,"href":"https:\/\/twistedtales.tv\/es\/wp-json\/wp\/v2\/comments?post=2101"}],"version-history":[{"count":7,"href":"https:\/\/twistedtales.tv\/es\/wp-json\/wp\/v2\/posts\/2101\/revisions"}],"predecessor-version":[{"id":3153,"href":"https:\/\/twistedtales.tv\/es\/wp-json\/wp\/v2\/posts\/2101\/revisions\/3153"}],"wp:featuredmedia":[{"embeddable":true,"href":"https:\/\/twistedtales.tv\/es\/wp-json\/wp\/v2\/media\/2102"}],"wp:attachment":[{"href":"https:\/\/twistedtales.tv\/es\/wp-json\/wp\/v2\/media?parent=2101"}],"wp:term":[{"taxonomy":"category","embeddable":true,"href":"https:\/\/twistedtales.tv\/es\/wp-json\/wp\/v2\/categories?post=2101"},{"taxonomy":"post_tag","embeddable":true,"href":"https:\/\/twistedtales.tv\/es\/wp-json\/wp\/v2\/tags?post=2101"}],"curies":[{"name":"wp","href":"https:\/\/api.w.org\/{rel}","templated":true}]}}